{"id":4728,"date":"2020-02-03T15:21:28","date_gmt":"2020-02-03T15:21:28","guid":{"rendered":"http:\/\/lesliaisonsliteraires.co.uk\/?p=4728"},"modified":"2020-02-28T16:27:39","modified_gmt":"2020-02-28T16:27:39","slug":"lordre-du-jour-eric-vuillard","status":"publish","type":"post","link":"http:\/\/lesliaisonsliteraires.co.uk\/?p=4728","title":{"rendered":"L\u2019Ordre du jour &#8211; \u00c9ric Vuillard"},"content":{"rendered":"\n<div class=\"wp-block-image\"><figure class=\"alignleft is-resized\"><img loading=\"lazy\" decoding=\"async\" src=\"https:\/\/www.worldliteraturetoday.org\/sites\/default\/files\/2018\/march\/vuillard.jpg\" alt=\"\" width=\"150\" height=\"285\"\/><\/figure><\/div>\n\n\n\n<p>lundi, 3 f\u00e9vrier 2020<\/p>\n\n\n\n<p>Ce petit livre puissant nous rappelle tr\u00e8s clairement \u00e0 quel point nos libert\u00e9s, notre protection par la loi, la d\u00e9mocratie et la libert\u00e9 d&#8217;expression peuvent \u00eatre facilement perdues. Ce livre est un rappel effrayant que nous devons tous \u00eatre vigilants. Les libert\u00e9s que nous avons acquises au cours des 200 \u00e0 300 derni\u00e8res ann\u00e9es ne sont pas grav\u00e9es dans le marbre.<\/p>\n\n\n\n<p>Qui pourrait croire que les Autrichiens accueilleraient avec enthousiasme l&#8217;invasion nazie allemande, en agitant le drapeau et en ouvrant les bras, comme ils l&#8217;ont fait au d\u00e9but de 1938?<\/p>\n\n\n\n<p>Eric Vuillard montre clairement comment les plus grandes soci\u00e9t\u00e9s capitalistes ont enclav\u00e9 les nazis, elles ont fait des dons et ont ensuite largement profit\u00e9 de toute l\u2019entreprise. Et ces entreprises n&#8217;ont pas disparu. Ils se r\u00e9unissent chaque ann\u00e9e \u00e0 Davos. Ils nous donnent nos voitures, appareils \u00e9lectrom\u00e9nagers, autres appareils \u00e9lectriques et bien plus encore.<\/p>\n\n\n\n<p>Eric Vuillard fait remarquer que les chars allemands se sont effondr\u00e9s alors qu&#8217;ils se dirigeaient vers Vienne et comment cela a d\u00e9montr\u00e9 qu&#8217;ils n&#8217;\u00e9taient pas vraiment pr\u00e9par\u00e9s \u00e0 l&#8217;invasion ou \u00e0 la guerre.&nbsp;<\/p>\n\n\n\n<p>Ce court roman, ou \u00abr\u00e9cit\u00bb, selon l\u2019auteur, a remport\u00e9 le Prix Goncourt de litt\u00e9rature. Mais la question a \u00e9t\u00e9 pos\u00e9e, est-ce la litt\u00e9rature. Parfois, cela ressemble \u00e0 un article du Guardian ou \u00e0 un documentaire de la BBC Radio 4. En plus, aucun des dialogues n&#8217;a \u00e9t\u00e9 invent\u00e9 par l&#8217;auteur.<\/p>\n\n\n\n<p>Dans sa conf\u00e9rence au Hay Festival l&#8217;an dernier, Eric Vuillard a soulign\u00e9 que, depuis les r\u00e9volutions fran\u00e7aise et anglaise, les romans sont progressivement devenus de plus en plus r\u00e9alistes. M\u00eame si deux journalistes avaient \u00e9t\u00e9 pr\u00e9sents \u00e0 la r\u00e9union du 20 f\u00e9vrier 1933, leurs comptes auraient \u00e9t\u00e9 tr\u00e8s diff\u00e9rents l&#8217;un de l&#8217;autre. O\u00f9 sont donc les faits et la v\u00e9rit\u00e9? M\u00eame si nous avons des documents, nous devons encore utiliser notre imagination pour donner un sens \u00e0 un \u00e9v\u00e9nement. Et c\u2019est \u00e7a, la litt\u00e9rature.<\/p>\n\n\n\n<p>La litt\u00e9rature tente de refl\u00e9ter de plus en plus fid\u00e8lement la r\u00e9alit\u00e9.<\/p>\n\n\n\n<p>Du r\u00e9alisme, Guy de Maupassant \u00e9crit, \u201cLe r\u00e9aliste, s\u2019il est un artiste, cherchera, non pas \u00e0 nous montrer la photographie banale de la vie, mais \u00e0 nous donner une vision plus compl\u00e8te, plus saisissante, plus convaincante que la r\u00e9alit\u00e9 elle-m\u00eame.\u201d&nbsp;<\/p>\n\n\n\n<p>Nous avons eu les m\u00eames d\u00e9bats en regardant les \u0153uvres de Delphine de Vigan, en particulier en ce qui concerne son livre, <em>d\u2019\u00e2pres une histoire vrai. <\/em>Est-il important si on n\u2019est jamais vraiment s\u00fbrs quand elle est autobiographique et quand elle \u00e9crit une fiction compl\u00e8te.<\/p>\n\n\n\n<p>Mais au final, le pouvoir de ce livre r\u00e9side dans les avertissements clairs qu\u2019il nous adresse aujourd\u2019hui. Comment les capitaines d&#8217;industrie peuvent facilement \u00eatre persuad\u00e9s de soutenir des forces sinistres si cela est judicieux sur le plan commercial. Et deuxi\u00e8mement, avec quelle facilit\u00e9 une majorit\u00e9 de la population d&#8217;un pays peut \u00eatre persuad\u00e9e d&#8217;inviter des dictateurs \u00e0 envahir et \u00e0 prendre le pouvoir, m\u00eame si cela signifie une perte totale de libert\u00e9 et de d\u00e9mocratie.<br><\/p>\n","protected":false},"excerpt":{"rendered":"<p>lundi, 3 f\u00e9vrier 2020 Ce petit livre puissant nous rappelle tr\u00e8s clairement \u00e0 quel point nos libert\u00e9s, notre protection par la loi, la d\u00e9mocratie et la libert\u00e9 d&#8217;expression peuvent \u00eatre facilement perdues. Ce livre est un rappel effrayant que nous &hellip; <a href=\"http:\/\/lesliaisonsliteraires.co.uk\/?p=4728\">Continue reading <span class=\"meta-nav\">&rarr;<\/span><\/a><\/p>\n","protected":false},"author":352,"featured_media":0,"comment_status":"closed","ping_status":"closed","sticky":false,"template":"","format":"standard","meta":{"footnotes":""},"categories":[1],"tags":[],"class_list":["post-4728","post","type-post","status-publish","format-standard","hentry","category-uncategorised"],"_links":{"self":[{"href":"http:\/\/lesliaisonsliteraires.co.uk\/index.php?rest_route=\/wp\/v2\/posts\/4728","targetHints":{"allow":["GET"]}}],"collection":[{"href":"http:\/\/lesliaisonsliteraires.co.uk\/index.php?rest_route=\/wp\/v2\/posts"}],"about":[{"href":"http:\/\/lesliaisonsliteraires.co.uk\/index.php?rest_route=\/wp\/v2\/types\/post"}],"author":[{"embeddable":true,"href":"http:\/\/lesliaisonsliteraires.co.uk\/index.php?rest_route=\/wp\/v2\/users\/352"}],"replies":[{"embeddable":true,"href":"http:\/\/lesliaisonsliteraires.co.uk\/index.php?rest_route=%2Fwp%2Fv2%2Fcomments&post=4728"}],"version-history":[{"count":3,"href":"http:\/\/lesliaisonsliteraires.co.uk\/index.php?rest_route=\/wp\/v2\/posts\/4728\/revisions"}],"predecessor-version":[{"id":4734,"href":"http:\/\/lesliaisonsliteraires.co.uk\/index.php?rest_route=\/wp\/v2\/posts\/4728\/revisions\/4734"}],"wp:attachment":[{"href":"http:\/\/lesliaisonsliteraires.co.uk\/index.php?rest_route=%2Fwp%2Fv2%2Fmedia&parent=4728"}],"wp:term":[{"taxonomy":"category","embeddable":true,"href":"http:\/\/lesliaisonsliteraires.co.uk\/index.php?rest_route=%2Fwp%2Fv2%2Fcategories&post=4728"},{"taxonomy":"post_tag","embeddable":true,"href":"http:\/\/lesliaisonsliteraires.co.uk\/index.php?rest_route=%2Fwp%2Fv2%2Ftags&post=4728"}],"curies":[{"name":"wp","href":"https:\/\/api.w.org\/{rel}","templated":true}]}}