{"id":5095,"date":"2024-03-04T16:30:56","date_gmt":"2024-03-04T16:30:56","guid":{"rendered":"http:\/\/lesliaisonsliteraires.co.uk\/?p=5095"},"modified":"2024-03-04T21:59:59","modified_gmt":"2024-03-04T21:59:59","slug":"le-fils-florian-zeller","status":"publish","type":"post","link":"http:\/\/lesliaisonsliteraires.co.uk\/?p=5095","title":{"rendered":"Le Fils &#8211; Florian Zeller"},"content":{"rendered":"<div class=\"wp-block-image\">\n<figure class=\"alignleft size-medium is-resized\"><a href=\"http:\/\/lesliaisonsliteraires.co.uk\/wp-content\/uploads\/2024\/03\/LeFils.jpg\"><img loading=\"lazy\" decoding=\"async\" width=\"249\" height=\"300\" src=\"http:\/\/lesliaisonsliteraires.co.uk\/wp-content\/uploads\/2024\/03\/LeFils-249x300.jpg\" alt=\"\" class=\"wp-image-5096\" style=\"width:211px;height:auto\" srcset=\"http:\/\/lesliaisonsliteraires.co.uk\/wp-content\/uploads\/2024\/03\/LeFils-249x300.jpg 249w, http:\/\/lesliaisonsliteraires.co.uk\/wp-content\/uploads\/2024\/03\/LeFils.jpg 725w\" sizes=\"auto, (max-width: 249px) 100vw, 249px\" \/><\/a><\/figure>\n<\/div>\n\n\n<p>lundi, 4 mars 2024<\/p>\n\n\n\n<p>N\u00e9 \u00e0 Paris en 1979, Florian Zeller a \u00e9t\u00e9 \u00e9lev\u00e9 par sa grand-m\u00e8re et sa m\u00e8re, car son p\u00e8re travaillait et vivait en Allemagne. Un coma caus\u00e9 par une grave crise d&#8217;asthme \u00e0 l&#8217;\u00e2ge de 15 ans a chang\u00e9 le cours de sa vie. Comme il l&#8217;a dit plus tard, &#8220;Je pense que c&#8217;est \u00e0 ce moment-l\u00e0 que l&#8217;inqui\u00e9tude et l&#8217;\u00e9criture sont entr\u00e9es dans ma vie&#8221;. Il vit toujours dans la capitale.<\/p>\n\n\n\n<p>Florian Zeller est surtout connu pour avoir \u00e9crit et r\u00e9alis\u00e9 le film prim\u00e9 mettant en vedette Anthony Hopkins et Olivia Colman, <em>The Father.<\/em> Les deux acteurs principaux ont remport\u00e9 des Oscars pour leurs performances. In\u00e9vitablement, <em>The Son<\/em> a \u00e9galement \u00e9t\u00e9 fait un film.<\/p>\n\n\n\n<p>Le Fils a \u00e9t\u00e9 cr\u00e9\u00e9 en f\u00e9vrier 2018 au Com\u00e9die des Champs-\u00c9lys\u00e9es. Pierre a quitt\u00e9 Anne pour Sofia, avec qui il a un b\u00e9b\u00e9. Nicolas, fils adolescent d&#8217;Anne et Pierre, refuse d&#8217;aller \u00e0 l&#8217;\u00e9cole et ne voit pas l&#8217;int\u00e9r\u00eat de quoi que ce soit. \u00c0 quoi \u00e7a sert, la vie ? Nicolas, au guste, pr\u00e9sente de graves probl\u00e8mes de sant\u00e9 mentale dont l&#8217;automutilation n&#8217;est qu&#8217;un. Nicolas veut que quelque chose change, mais il ne sait pas quoi. Sa d\u00e9pression devient progressivement claire pour ses parents s\u00e9par\u00e9s, mais ils ne savent pas quoi faire de leur fils auparavant heureux et souriant.<\/p>\n\n\n\n<p>Les personnages, bien que imparfaits et frustrants, sont profond\u00e9ment humains, aux prises avec leurs propres ins\u00e9curit\u00e9s et vuln\u00e9rabilit\u00e9s.<\/p>\n\n\n\n<p><em>Le Fils <\/em>est une tentative de nous mettre face \u00e0 ce \u00e0 quoi nous voulons ne pas penser &#8211; la sant\u00e9 mentale. Parce que les maladies associ\u00e9es \u00e0 la sant\u00e9 mentale sont si intangibles, nous ne semblons jamais qu&#8217;elles soient similaires \u00e0 des maladies physiques graves.<\/p>\n\n\n\n<p>Qui est responsable de la maladie de Nicolas ? Les parents ? Nicolas lui-m\u00eame ? La soci\u00e9t\u00e9 ? Et en faisant en sorte que le public soit aux prises avec de tels probl\u00e8mes, tout au long de la pi\u00e8ce, l&#8217;auteur ne laisse jamais son public s&#8217;asseoir confortablement. Pas pour un instant. Et il n&#8217;y a pas de solutions faciles \u00e0 la situation de ce jeune homme. Nous avons du mal \u00e0 comprendre Nicolas. Nous avons du mal \u00e0 expliquer sa souffrance et son retrait. Ceux qui poss\u00e8dent \u00e0 la fois de l\u2019enthousiasme et une joie de vivre peuvent-ils pleinement comprendre une telle tourmente ?<\/p>\n\n\n\n<p>Pierre veut que son fils r\u00e9ussisse et ne voit pas que son id\u00e9e de succ\u00e8s peut ne pas \u00eatre partag\u00e9e.  Et il ne peut tout simplement pas comprendre pourquoi Nicolas voudrait se couper :<\/p>\n\n\n\n<p><em>Pierre : Quand tu te fais mal, c&#8217;est comme si tu me le faisais.<\/em><br><em>Nicholas : Et quand tu as bless\u00e9 maman, tu me le faisais.<\/em><\/p>\n\n\n\n<p>Ce n&#8217;est pas facile pour Sofia qui est naturellement pr\u00e9occup\u00e9e par le soin de son petit fils. Elle fait de son mieux pour accueillir Nicolas chez eux, mais serait-elle \u00e0 l&#8217;aise de le laisser garder les enfants ?<\/p>\n\n\n\n<p>La pi\u00e8ce traite de th\u00e8mes difficiles, explorant la d\u00e9pression, la culpabilit\u00e9, le suicide et les complexit\u00e9s de la communication au sein des familles. Bien que l&#8217;\u00e9crivain permette au lecteur de trouver de l&#8217;empathie pour tous les personnages, on ne peut s&#8217;emp\u00eacher de sentir que l&#8217;\u00e9crivain joue \u00e9galement avec son public, cr\u00e9ant des dilemmes troublants et inconfortables qui sont provocateurs et \u00e9motionnels.<\/p>\n\n\n\n<p>Comment pouvons-nous aider un enfant qui semble ne rien d\u00e9sirer, qui n&#8217;ira pas \u00e0 l&#8217;\u00e9cole, qui n&#8217;est pas int\u00e9ress\u00e9 \u00e0 se faire des amis et qui manque totalement d&#8217;int\u00e9r\u00eat et de motivation ? Anne ressent de la culpabilit\u00e9 et du d\u00e9sespoir, tandis que Pierre est aux prises avec ses propres d\u00e9fauts en tant que p\u00e8re.<\/p>\n\n\n\n<p>Les critiques de la pi\u00e8ce et du film \u00e9taient vari\u00e9es. Certains critiques la trouvant trop m\u00e9lodramatique, sentimentale et donnant une vision d\u00e9form\u00e9e de la sant\u00e9 mentale. Pourtant, lorsque le film a \u00e9t\u00e9 pr\u00e9sent\u00e9 pour la premi\u00e8re fois en septembre 2022 au Festival du film de Venise, il a gagn\u00e9 de rares ovations debout de 10 minutes apr\u00e8s la projection. Michael Billington du <em>Guardian<\/em> a \u00e9crit : \u00ab Je d\u00e9fierais quiconque de ne pas \u00eatre \u00e9mu par cette \u00e9tude de la dynamique perturbatrice de la vie familiale. \u00bb<\/p>\n\n\n\n<p><em>Le Fils <\/em>n&#8217;est pas une pi\u00e8ce qui offre des r\u00e9ponses faciles. Il oblige le public \u00e0 faire face \u00e0 des r\u00e9alit\u00e9s inconfortables et \u00e0 remettre en question leurs propres points de vue sur la dynamique familiale et la sant\u00e9 mentale. Est-ce qu&#8217;une pi\u00e8ce de th\u00e9\u00e2tre ou un film est la meilleure ar\u00e8ne pour r\u00e9pondre \u00e0 de telles questions ? Florian Zeller a fait valoir que les arts sont si importants pour cette raison m\u00eame et parce qu&#8217;ils nous aident \u00e0 nous rappeler que nous sommes tous dans le m\u00eame bateau.<\/p>\n","protected":false},"excerpt":{"rendered":"<p>lundi, 4 mars 2024 N\u00e9 \u00e0 Paris en 1979, Florian Zeller a \u00e9t\u00e9 \u00e9lev\u00e9 par sa grand-m\u00e8re et sa m\u00e8re, car son p\u00e8re travaillait et vivait en Allemagne. Un coma caus\u00e9 par une grave crise d&#8217;asthme \u00e0 l&#8217;\u00e2ge de 15 &hellip; <a href=\"http:\/\/lesliaisonsliteraires.co.uk\/?p=5095\">Continue reading <span class=\"meta-nav\">&rarr;<\/span><\/a><\/p>\n","protected":false},"author":1,"featured_media":0,"comment_status":"closed","ping_status":"closed","sticky":false,"template":"","format":"standard","meta":{"footnotes":""},"categories":[1],"tags":[],"class_list":["post-5095","post","type-post","status-publish","format-standard","hentry","category-uncategorised"],"_links":{"self":[{"href":"http:\/\/lesliaisonsliteraires.co.uk\/index.php?rest_route=\/wp\/v2\/posts\/5095","targetHints":{"allow":["GET"]}}],"collection":[{"href":"http:\/\/lesliaisonsliteraires.co.uk\/index.php?rest_route=\/wp\/v2\/posts"}],"about":[{"href":"http:\/\/lesliaisonsliteraires.co.uk\/index.php?rest_route=\/wp\/v2\/types\/post"}],"author":[{"embeddable":true,"href":"http:\/\/lesliaisonsliteraires.co.uk\/index.php?rest_route=\/wp\/v2\/users\/1"}],"replies":[{"embeddable":true,"href":"http:\/\/lesliaisonsliteraires.co.uk\/index.php?rest_route=%2Fwp%2Fv2%2Fcomments&post=5095"}],"version-history":[{"count":4,"href":"http:\/\/lesliaisonsliteraires.co.uk\/index.php?rest_route=\/wp\/v2\/posts\/5095\/revisions"}],"predecessor-version":[{"id":5103,"href":"http:\/\/lesliaisonsliteraires.co.uk\/index.php?rest_route=\/wp\/v2\/posts\/5095\/revisions\/5103"}],"wp:attachment":[{"href":"http:\/\/lesliaisonsliteraires.co.uk\/index.php?rest_route=%2Fwp%2Fv2%2Fmedia&parent=5095"}],"wp:term":[{"taxonomy":"category","embeddable":true,"href":"http:\/\/lesliaisonsliteraires.co.uk\/index.php?rest_route=%2Fwp%2Fv2%2Fcategories&post=5095"},{"taxonomy":"post_tag","embeddable":true,"href":"http:\/\/lesliaisonsliteraires.co.uk\/index.php?rest_route=%2Fwp%2Fv2%2Ftags&post=5095"}],"curies":[{"name":"wp","href":"https:\/\/api.w.org\/{rel}","templated":true}]}}