{"id":5105,"date":"2024-04-16T11:48:51","date_gmt":"2024-04-16T10:48:51","guid":{"rendered":"http:\/\/lesliaisonsliteraires.co.uk\/?p=5105"},"modified":"2024-04-16T11:48:51","modified_gmt":"2024-04-16T10:48:51","slug":"le-petit-pays-gael-faye","status":"publish","type":"post","link":"http:\/\/lesliaisonsliteraires.co.uk\/?p=5105","title":{"rendered":"Le petit pays &#8211; Ga\u00ebl Faye"},"content":{"rendered":"\n<p>Ce roman d\u00e9crit une enfance de l&#8217;\u00e2ge de 12 \u00e0 13 ans dans l&#8217;un des plus petits pays d&#8217;Afrique, le Burundi. Il a \u00e9t\u00e9 \u00e9crit par le rappeur, auteur-compositeur et romancier, Ga\u00ebl Faye qui, comme Gabriel, le personnage principal et narrateur, est n\u00e9 \u00e0 Bujumbura, la capitale du Burundi, d&#8217;un p\u00e8re fran\u00e7ais et d&#8217;une m\u00e8re tutsi rwandaise.<\/p>\n\n\n\n<figure class=\"wp-block-image size-large\"><a href=\"http:\/\/lesliaisonsliteraires.co.uk\/wp-content\/uploads\/2024\/04\/Gael-Faye-Petit-Pays.jpg\"><img loading=\"lazy\" decoding=\"async\" width=\"1024\" height=\"576\" src=\"http:\/\/lesliaisonsliteraires.co.uk\/wp-content\/uploads\/2024\/04\/Gael-Faye-Petit-Pays-1024x576.jpg\" alt=\"\" class=\"wp-image-5106\" srcset=\"http:\/\/lesliaisonsliteraires.co.uk\/wp-content\/uploads\/2024\/04\/Gael-Faye-Petit-Pays-1024x576.jpg 1024w, http:\/\/lesliaisonsliteraires.co.uk\/wp-content\/uploads\/2024\/04\/Gael-Faye-Petit-Pays-300x169.jpg 300w, http:\/\/lesliaisonsliteraires.co.uk\/wp-content\/uploads\/2024\/04\/Gael-Faye-Petit-Pays-768x432.jpg 768w, http:\/\/lesliaisonsliteraires.co.uk\/wp-content\/uploads\/2024\/04\/Gael-Faye-Petit-Pays.jpg 1200w\" sizes=\"auto, (max-width: 1024px) 100vw, 1024px\" \/><\/a><\/figure>\n\n\n\n<p>Ga\u00ebl Faye a commenc\u00e9 \u00e0 \u00e9crire d\u00e8s son arriv\u00e9e en France. Pour lui, l&#8217;\u00e9criture lui a donn\u00e9 un autre pays. Son premier succ\u00e8s a \u00e9t\u00e9 dans le rap, mais il a constat\u00e9 que l&#8217;\u00e9criture d&#8217;un roman lui donnait beaucoup plus de libert\u00e9. Comme il le dit dans son morceau de rap intitul\u00e9 Petit Pays, \u00ab L&#8217;\u00e9criture m&#8217;a soign\u00e9 quand je partais en vrille \u00bb.<\/p>\n\n\n\n<p>Bien que le roman ne soit pas strictement autobiographique, l&#8217;auteur a dit qu&#8217;il y a beaucoup de lui-m\u00eame chez Gabriel, qui a des origines similaires et a grandi en m\u00eame temps au m\u00eame endroit. Il a une enfance heureuse. Lorsque le conflit commence, Gabby veut comprendre ce qui se passe. La violence. La violence folle et totalement absurde. Folie. C&#8217;est touchant de le voir se d\u00e9m\u00ealer \u00e0 travers les yeux de ce jeune gar\u00e7on. Comment il essaie de comprendre les raisons des combats entre des peuples qui sont de la m\u00eame langue, de la m\u00eame religion, de la m\u00eame composition ethnique et du m\u00eame pays.<\/p>\n\n\n\n<p>Ga\u00ebl Faye a dit que les souvenirs des horreurs de la guerre avaient submerg\u00e9 les souvenirs de son enfance heureuse. En \u00e9crivant le livre, il esp\u00e9rait retrouver certains de ces souvenirs plus agr\u00e9ables. La litt\u00e9rature l&#8217;a aid\u00e9 \u00e0 y parvenir. Il admet \u00e9galement jouer un peu avec les noms. Gabriel est Gael avec trois lettres suppl\u00e9mentaires, Pacifique part pour la guerre et Innocent est finalement coupable.<\/p>\n\n\n\n<p>Le point de vue de Gabriel offre aux lecteurs une vision captivante d&#8217;un pays d\u00e9bordant de merveilles et de compagnie de l&#8217;enfance. Dans le roman, des descriptions vibrantes invitent les lecteurs \u00e0 entrer dans le monde africain de Gabriel, en peignant de mani\u00e8re vivante une image puissante, avec des vues, des sons et des parfums. Pourtant, couvrant les ann\u00e9es de 11 \u00e0 13 ans, l&#8217;innocence de Gabriel subit des tests profonds et une \u00e9rosion progressive, faisant face aux dures r\u00e9alit\u00e9s de l&#8217;existence dans une nation ravag\u00e9e par des conflits ethniques.<\/p>\n\n\n\n<p>Lorsque la guerre et les massacres commencent dans le Rwanda voisin, ils se propagent bient\u00f4t au Burundi. Comme sa m\u00e8re est un Tutsi rwandais, c&#8217;est \u00e0 travers elle et ses proches que les nouvelles impr\u00e8gnent la famille de Gaby.<\/p>\n\n\n\n<p>Les histoires de son enfance africaine ont un charme engageant, en particulier l&#8217;histoire de son v\u00e9lo perdu. Le vol du v\u00e9lo ch\u00e9ri de son Gaby d\u00e9clenche un voyage poignant aux c\u00f4t\u00e9s de Donatien, le contrema\u00eetre de son p\u00e8re depuis deux d\u00e9cennies. Ensemble, ils vont d&#8217;un village \u00e0 l&#8217;autre, poursuivant les pistes sur l&#8217;endroit o\u00f9 se trouve le v\u00e9lo. Il est bient\u00f4t clair que le v\u00e9lo a chang\u00e9 de mains plusieurs fois. Quand ils le trouvent enfin, ils apprennent que la famille qui l&#8217;a achet\u00e9 est tr\u00e8s pauvre.<\/p>\n\n\n\n<p>Il n&#8217;y avait pas de livres \u00e0 parler chez lui, mais un jour, une voisine, Mme Economopoulos, invite Gabriel \u00e0 boire un verre de jus de barbadine et il voit sa biblioth\u00e8que avec plus de livres qu&#8217;il n&#8217;en avait jamais vu en un seul endroit. Il lui a demand\u00e9 si elle avait lu tous les livres. \u00ab Oui. Plusieurs fois, m\u00eame. Ce sont les grands amours de ma vie. Ils me font rire, pleurer, douter, r\u00e9fl\u00e9chir. Ils me permettent de m&#8217;\u00e9chapper. Ils m&#8217;ont chang\u00e9, ont fait de moi une autre personne. Nous devons nous m\u00e9fier des livres, ce sont des g\u00e9nies du sommeil. \u00bb Elle lui en a pr\u00eat\u00e9 un. Et puis un autre. Et il est devenu un lecteur.<\/p>\n\n\n\n<p>Bien que la premi\u00e8re partie du livre d\u00e9crive de mani\u00e8re color\u00e9e l&#8217;enfance heureuse de Gabriel, ses parents se disputent et la m\u00e8re d\u00e9m\u00e9nage. Yvonne avait esp\u00e9r\u00e9 qu&#8217;en \u00e9pousant un Fran\u00e7ais, elle pourrait vivre en France et faire du shopping aux Champs-\u00c9lys\u00e9es. Son p\u00e8re, Michel, est satisfait de son coin de paradis au Burundi ; son entreprise, leur belle maison, les domestiques, le climat, le lac et les montagnes<\/p>\n\n\n\n<p><em>Le Petit Pays<\/em> est un roman profond et \u00e9motionnellement r\u00e9sonnant qui se penche sur les th\u00e8mes de l&#8217;identit\u00e9, de la perte, de l&#8217;appartenance et de l&#8217;impact d\u00e9vastateur de la guerre. Au milieu du chaos et du d\u00e9sespoir, il y a des moments de tendresse et d&#8217;espoir qui brillent, nous rappelant la r\u00e9silience de l&#8217;esprit humain, dans le pays le plus pauvre du monde.<\/p>\n","protected":false},"excerpt":{"rendered":"<p>Ce roman d\u00e9crit une enfance de l&#8217;\u00e2ge de 12 \u00e0 13 ans dans l&#8217;un des plus petits pays d&#8217;Afrique, le Burundi. Il a \u00e9t\u00e9 \u00e9crit par le rappeur, auteur-compositeur et romancier, Ga\u00ebl Faye qui, comme Gabriel, le personnage principal et &hellip; <a href=\"http:\/\/lesliaisonsliteraires.co.uk\/?p=5105\">Continue reading <span class=\"meta-nav\">&rarr;<\/span><\/a><\/p>\n","protected":false},"author":1,"featured_media":0,"comment_status":"closed","ping_status":"closed","sticky":false,"template":"","format":"standard","meta":{"footnotes":""},"categories":[1],"tags":[],"class_list":["post-5105","post","type-post","status-publish","format-standard","hentry","category-uncategorised"],"_links":{"self":[{"href":"http:\/\/lesliaisonsliteraires.co.uk\/index.php?rest_route=\/wp\/v2\/posts\/5105","targetHints":{"allow":["GET"]}}],"collection":[{"href":"http:\/\/lesliaisonsliteraires.co.uk\/index.php?rest_route=\/wp\/v2\/posts"}],"about":[{"href":"http:\/\/lesliaisonsliteraires.co.uk\/index.php?rest_route=\/wp\/v2\/types\/post"}],"author":[{"embeddable":true,"href":"http:\/\/lesliaisonsliteraires.co.uk\/index.php?rest_route=\/wp\/v2\/users\/1"}],"replies":[{"embeddable":true,"href":"http:\/\/lesliaisonsliteraires.co.uk\/index.php?rest_route=%2Fwp%2Fv2%2Fcomments&post=5105"}],"version-history":[{"count":1,"href":"http:\/\/lesliaisonsliteraires.co.uk\/index.php?rest_route=\/wp\/v2\/posts\/5105\/revisions"}],"predecessor-version":[{"id":5107,"href":"http:\/\/lesliaisonsliteraires.co.uk\/index.php?rest_route=\/wp\/v2\/posts\/5105\/revisions\/5107"}],"wp:attachment":[{"href":"http:\/\/lesliaisonsliteraires.co.uk\/index.php?rest_route=%2Fwp%2Fv2%2Fmedia&parent=5105"}],"wp:term":[{"taxonomy":"category","embeddable":true,"href":"http:\/\/lesliaisonsliteraires.co.uk\/index.php?rest_route=%2Fwp%2Fv2%2Fcategories&post=5105"},{"taxonomy":"post_tag","embeddable":true,"href":"http:\/\/lesliaisonsliteraires.co.uk\/index.php?rest_route=%2Fwp%2Fv2%2Ftags&post=5105"}],"curies":[{"name":"wp","href":"https:\/\/api.w.org\/{rel}","templated":true}]}}