{"id":5111,"date":"2024-05-14T15:53:07","date_gmt":"2024-05-14T14:53:07","guid":{"rendered":"http:\/\/lesliaisonsliteraires.co.uk\/?p=5111"},"modified":"2024-05-14T15:53:07","modified_gmt":"2024-05-14T14:53:07","slug":"vieller-sur-elle-jean-baptiste-andrea","status":"publish","type":"post","link":"http:\/\/lesliaisonsliteraires.co.uk\/?p=5111","title":{"rendered":"Vieller sur elle &#8211; Jean-Baptiste Andrea"},"content":{"rendered":"\n<figure class=\"wp-block-image size-full\"><a href=\"http:\/\/lesliaisonsliteraires.co.uk\/wp-content\/uploads\/2024\/05\/veiller.jpg\"><img loading=\"lazy\" decoding=\"async\" width=\"730\" height=\"411\" src=\"http:\/\/lesliaisonsliteraires.co.uk\/wp-content\/uploads\/2024\/05\/veiller.jpg\" alt=\"\" class=\"wp-image-5113\" srcset=\"http:\/\/lesliaisonsliteraires.co.uk\/wp-content\/uploads\/2024\/05\/veiller.jpg 730w, http:\/\/lesliaisonsliteraires.co.uk\/wp-content\/uploads\/2024\/05\/veiller-300x169.jpg 300w\" sizes=\"auto, (max-width: 730px) 100vw, 730px\" \/><\/a><\/figure>\n\n\n\n<p>D\u00e9j\u00e0 un best-seller en France, <em>Vieller sur elle<\/em> a remport\u00e9 le Prix Goncourt de l&#8217;ann\u00e9e derni\u00e8re. Il a un sc\u00e9nario tr\u00e8s original ainsi qu&#8217;une intrigue intelligente et impr\u00e9visible. Son auteur, Jean-Baptiste Andrea, est un ancien sc\u00e9nariste et r\u00e9alisateur qui a grandi \u00e0 Cannes. Auteur fran\u00e7ais, \u00e9crivant en langue fran\u00e7aise, le livre parle de l&#8217;Italie, \u00e0 une \u00e9poque o\u00f9 le fascisme et la haine s&#8217;emparaient du pays.<\/p>\n\n\n\n<p>Le livre est racont\u00e9 par le personnage principal Michelangelo Vitaliani. Mimo, comme on l&#8217;appelle g\u00e9n\u00e9ralement, est n\u00e9 en France en 1904, mais a pass\u00e9 presque toute sa vie en Italie, en particulier \u00e0 Pietra d&#8217;Alba, Florence et Rome. C&#8217;\u00e9tait une personne de petite taille qui est devenue un sculpteur dou\u00e9. Apr\u00e8s que son p\u00e8re ait \u00e9t\u00e9 tu\u00e9 dans un accident de train pendant la Premi\u00e8re Guerre mondiale, sa m\u00e8re l&#8217;a remis aux soins d&#8217;Alberto, qui l&#8217;a accept\u00e9 comme son apprenti.<\/p>\n\n\n\n<p>Au c\u0153ur de l&#8217;histoire se trouve sa relation avec la famille Orsini, les riches nobles de la ville de Pietra d&#8217;Alba. Le roman s&#8217;ouvre sur la rencontre de Viola, la fille d&#8217;Orsini, et de Mimo, deux \u00e2mes rebelles qui se reconnaissent imm\u00e9diatement. Leur relation est intense, mais elle est menac\u00e9e par les conventions sociales et les bouleversements politiques de l&#8217;\u00e9poque. Viola est insondable, tr\u00e8s dou\u00e9, bien lu et un rebelle. Elle reconna\u00eet et encourage la passion de Mimo pour la sculpture.<\/p>\n\n\n\n<p>L&#8217;histoire d&#8217;amour entre Viola et Mimo est passionnante, \u00e9mouvante et potentiellement dangereuse. Nous nous attachons rapidement \u00e0 ces deux personnages et esp\u00e9rons vraiment qu&#8217;ils parviendront \u00e0 atteindre l&#8217;amour malgr\u00e9 les obstacles. Le d\u00e9but de son acceptation par la famille Orsini fut sa premi\u00e8re sculpture majeure, l&#8217;ours pour le 16e anniversaire de Viola.<\/p>\n\n\n\n<p>Alberto a renvoy\u00e9 Mimo. \u00c0 Florence, Mimo touche le fond. Il est impitoyablement intimid\u00e9, battu et vol\u00e9 par des voyous de rue et un travail forc\u00e9 dans un cirque. Juste \u00e0 temps, Francesco Orsini arrive avec une offre de travail, un travail bien r\u00e9mun\u00e9r\u00e9.<\/p>\n\n\n\n<p>La politique, la religion, la mont\u00e9e du fascisme, l&#8217;amour et l&#8217;amiti\u00e9, l&#8217;art, le f\u00e9minisme et la vengeance sont tous des th\u00e8mes centraux de ce roman. D\u00e8s le d\u00e9but, Viola est consciente des dangers de l&#8217;obscurit\u00e9 politique \u00e0 venir. Mimo essaie d&#8217;\u00e9viter ce qui se passe en niant tout int\u00e9r\u00eat pour la politique, enterrant sa t\u00eate dans le sable.<\/p>\n\n\n\n<p>Au c\u0153ur de l&#8217;histoire se trouve la Piet\u00e0, une sculpture en marbre, le chef-d&#8217;\u0153uvre de Mimo. La Piet\u00e0 repr\u00e9sente la Vierge Marie tenant le corps du Christ apr\u00e8s sa crucifixion et joue un r\u00f4le crucial dans ce roman. C&#8217;est \u00e0 la fois une magnifique \u0153uvre d&#8217;art, un symbole d&#8217;amour maternel, un reflet de relations humaines complexes et une invitation \u00e0 la r\u00e9flexion sur la foi et la spiritualit\u00e9. Cependant, la Piet\u00e0 de Mimi est particuli\u00e8rement controvers\u00e9e avec le Vatican, qui l&#8217;a command\u00e9e, la reconnaissant comme une grande \u0153uvre d&#8217;art, mais pas la mieux adapt\u00e9e \u00e0 la promotion de la religion. Ils le gardent cach\u00e9 \u00e0 la vue et Mimo le surveilla pendant ses 40 derni\u00e8res ann\u00e9es.<\/p>\n\n\n\n<p>Le lecteur en vient \u00e0 appr\u00e9cier que l&#8217;art du sculpteur ne consiste pas seulement \u00e0 faire des formes en marbre. \u00ab \u00c9coute-moi bien. Sculpter, c\u2019est tr\u00e8s simple. C\u2019est juste enlever des couches d\u2019histoires, d\u2019anecdotes, celles qui sont inutiles, jusqu\u2019\u00e0 atteindre l\u2019histoire qui nous concerne tous, toi et moi et cette ville et le pays entier, l\u2019histoire qu\u2019on ne peut plus r\u00e9duire sans l\u2019endommager. Et c\u2019est l\u00e0 qu\u2019il faut arr\u00eater de frapper. \u00bb Cette explication ne s&#8217;applique-t-elle pas \u00e0 tout l&#8217;art ? Ailleurs, l&#8217;auteur a parl\u00e9 de l&#8217;importance de rendre accessible la &#8220;beaut\u00e9 de l&#8217;art, la beaut\u00e9 de la parole&#8221; \u00e0 tous les secteurs de la soci\u00e9t\u00e9. Il croit en leur pouvoir de transformer et de changer des vies. Et bien s\u00fbr, cette beaut\u00e9 contraste avec l&#8217;obscurit\u00e9 du fascisme rampant.<\/p>\n\n\n\n<p>Le livre tisse un r\u00e9cit finement con\u00e7u qui s&#8217;\u00e9tend de la Premi\u00e8re Guerre mondiale aux ann\u00e9es 1980, racontant une histoire superbe et complexe. L\u2019exp\u00e9rience d\u2019Andrea en tant que sc\u00e9nariste ajoute \u00e0 la qualit\u00e9 vivante et cin\u00e9matographique du roman qui est aussi une ode \u00e0 l\u2019Italie, \u00e0 l\u2019amour, \u00e0 la beaut\u00e9 et \u00e0 la libert\u00e9. L\u2019auteur a \u00e9voqu\u00e9 les parall\u00e8les entre la mont\u00e9e du fascisme du XXe si\u00e8cle et la croissance de la politique d\u2019extr\u00eame droite du XXIe si\u00e8cle. Le livre illustre comment le pouvoir des efforts artistiques peut contraster avec le pouvoir des t\u00e9n\u00e8bres montantes.<\/p>\n","protected":false},"excerpt":{"rendered":"<p>D\u00e9j\u00e0 un best-seller en France, Vieller sur elle a remport\u00e9 le Prix Goncourt de l&#8217;ann\u00e9e derni\u00e8re. Il a un sc\u00e9nario tr\u00e8s original ainsi qu&#8217;une intrigue intelligente et impr\u00e9visible. Son auteur, Jean-Baptiste Andrea, est un ancien sc\u00e9nariste et r\u00e9alisateur qui a &hellip; <a href=\"http:\/\/lesliaisonsliteraires.co.uk\/?p=5111\">Continue reading <span class=\"meta-nav\">&rarr;<\/span><\/a><\/p>\n","protected":false},"author":1,"featured_media":0,"comment_status":"closed","ping_status":"closed","sticky":false,"template":"","format":"standard","meta":{"footnotes":""},"categories":[1],"tags":[],"class_list":["post-5111","post","type-post","status-publish","format-standard","hentry","category-uncategorised"],"_links":{"self":[{"href":"http:\/\/lesliaisonsliteraires.co.uk\/index.php?rest_route=\/wp\/v2\/posts\/5111","targetHints":{"allow":["GET"]}}],"collection":[{"href":"http:\/\/lesliaisonsliteraires.co.uk\/index.php?rest_route=\/wp\/v2\/posts"}],"about":[{"href":"http:\/\/lesliaisonsliteraires.co.uk\/index.php?rest_route=\/wp\/v2\/types\/post"}],"author":[{"embeddable":true,"href":"http:\/\/lesliaisonsliteraires.co.uk\/index.php?rest_route=\/wp\/v2\/users\/1"}],"replies":[{"embeddable":true,"href":"http:\/\/lesliaisonsliteraires.co.uk\/index.php?rest_route=%2Fwp%2Fv2%2Fcomments&post=5111"}],"version-history":[{"count":1,"href":"http:\/\/lesliaisonsliteraires.co.uk\/index.php?rest_route=\/wp\/v2\/posts\/5111\/revisions"}],"predecessor-version":[{"id":5114,"href":"http:\/\/lesliaisonsliteraires.co.uk\/index.php?rest_route=\/wp\/v2\/posts\/5111\/revisions\/5114"}],"wp:attachment":[{"href":"http:\/\/lesliaisonsliteraires.co.uk\/index.php?rest_route=%2Fwp%2Fv2%2Fmedia&parent=5111"}],"wp:term":[{"taxonomy":"category","embeddable":true,"href":"http:\/\/lesliaisonsliteraires.co.uk\/index.php?rest_route=%2Fwp%2Fv2%2Fcategories&post=5111"},{"taxonomy":"post_tag","embeddable":true,"href":"http:\/\/lesliaisonsliteraires.co.uk\/index.php?rest_route=%2Fwp%2Fv2%2Ftags&post=5111"}],"curies":[{"name":"wp","href":"https:\/\/api.w.org\/{rel}","templated":true}]}}