{"id":5134,"date":"2024-09-26T15:18:07","date_gmt":"2024-09-26T14:18:07","guid":{"rendered":"http:\/\/lesliaisonsliteraires.co.uk\/?p=5134"},"modified":"2024-09-26T15:18:07","modified_gmt":"2024-09-26T14:18:07","slug":"tout-le-bleu-du-ciel-melissa-da-costa","status":"publish","type":"post","link":"http:\/\/lesliaisonsliteraires.co.uk\/?p=5134","title":{"rendered":"Tout le bleu du ciel &#8211; M\u00e9lissa d\u2019\u00e0 Costa"},"content":{"rendered":"<div class=\"wp-block-image\">\n<figure class=\"alignleft size-medium\"><a href=\"http:\/\/lesliaisonsliteraires.co.uk\/wp-content\/uploads\/2024\/09\/da-costa.jpg\"><img loading=\"lazy\" decoding=\"async\" width=\"207\" height=\"300\" src=\"http:\/\/lesliaisonsliteraires.co.uk\/wp-content\/uploads\/2024\/09\/da-costa-207x300.jpg\" alt=\"\" class=\"wp-image-5135\" srcset=\"http:\/\/lesliaisonsliteraires.co.uk\/wp-content\/uploads\/2024\/09\/da-costa-207x300.jpg 207w, http:\/\/lesliaisonsliteraires.co.uk\/wp-content\/uploads\/2024\/09\/da-costa.jpg 500w\" sizes=\"auto, (max-width: 207px) 100vw, 207px\" \/><\/a><\/figure>\n<\/div>\n\n\n<p>Lorsque j&#8217;ai lu le texte de pr\u00e9sentation et r\u00e9alis\u00e9 le sujet, je me suis demand\u00e9 pourquoi je n&#8217;avais pas choisi de lire quelque chose de plus joyeux. Et peut-\u00eatre quelque chose d&#8217;un peu plus court car la version Livre de Poche fait 838 pages. Cependant, j&#8217;ai ador\u00e9 lire ce livre. C&#8217;\u00e9tait une excellente lecture d&#8217;\u00e9t\u00e9. Chaque fois que je posais le livre, j&#8217;attendais juste une chance de le reprendre.<\/p>\n\n\n\n<p>Emile est un jeune homme ordinaire de 26 ans \u00e0 qui vient d&#8217;apprendre la pire nouvelle : il a des Alzeimers pr\u00e9coces et aura de la chance de survivre deux ans. Marre de recevoir des conseils sans fin de la part de ses amis et de sa famille &#8211; &#8220;d\u00e9tendez-vous&#8230; faites plus de tests&#8221; &#8211; et marre m\u00eame de la sympathie constante, il d\u00e9cide qu&#8217;il n&#8217;y a qu&#8217;une seule fa\u00e7on de faire, de vivre son r\u00eave.<\/p>\n\n\n\n<p>Il ach\u00e8te un camping-car et publie une annonce en ligne \u00e0 la recherche d&#8217;un compagnon de voyage, en prenant soin de pr\u00e9ciser le but de son voyage propos\u00e9. \u00c0 sa grande surprise, une jeune femme nomm\u00e9e Joanne r\u00e9pond \u00e0 son annonce et accepte de l&#8217;accompagner. Ils se rencontrent dans une station-service voisine et se sont imm\u00e9diatement rencontr\u00e9s sur la route sud. Il n&#8217;a rien dit de son voyage \u00e0 ses amis ou \u00e0 sa famille.<\/p>\n\n\n\n<p>Les deux premiers jours o\u00f9 Emile et Joanne sont ensemble sont tr\u00e8s bien dessin\u00e9s. Elle est r\u00e9serv\u00e9e, m\u00eame secr\u00e8te, parle rarement et il ne sait rien de ses ant\u00e9c\u00e9dents. Nous n&#8217;avons aucune id\u00e9e de la raison pour laquelle elle est entr\u00e9e dans cette entreprise. Emile est curieux. En ce qui concerne Emile, on ne saurait jamais qu&#8217;il y avait quelque chose qui n&#8217;allait pas chez lui. Ils sont inconnus et tous deux novices en mati\u00e8re de voyages, de camping et de randonn\u00e9es..<\/p>\n\n\n\n<p>Une fois arriv\u00e9s dans la r\u00e9gion des Pyr\u00e9n\u00e9es, ils s&#8217;arr\u00eatent pendant quelques jours. Il y a un petit village \u00e0 proximit\u00e9 et d&#8217;autres personnes en camping-car s&#8217;arr\u00eatent \u00e9galement. Joanne commence \u00e0 s&#8217;ouvrir tr\u00e8s lentement et \u00e0 parler un peu de ses ant\u00e9c\u00e9dents. Les deux ont des histoires qui se d\u00e9roulent au cours de leurs voyages, de leurs aventures et de leurs revers. Elle vient de Saint-Suliac en Bretagne. Nous apprenons \u00e0 conna\u00eetre leurs familles et leurs relations ant\u00e9rieures ; Emile avec Laura et Joanne avec L\u00e9on (et ses parents).<\/p>\n\n\n\n<p>Tout au long de leur voyage, malgr\u00e9 leurs tribulations, \u00c9mile et Joanne d\u00e9couvrent de beaux paysages, rencontrent des personnages attachants, apprennent \u00e0 se conna\u00eetre et \u00e0 se reconstruire. J&#8217;ai eu la chance d&#8217;avoir fait de nombreux voyages aux Pyr\u00e9n\u00e9es, alors j&#8217;ai trouv\u00e9 les descriptions de la r\u00e9gion nostalgiques et engageantes. Cependant, le livre m&#8217;a montr\u00e9 la beaut\u00e9 de villages inconnus tels que Eus, de petits coins, des tr\u00e9sors fran\u00e7ais dont je n&#8217;avais aucune id\u00e9e.<\/p>\n\n\n\n<p>Les descriptions de cette r\u00e9gion montagneuse et les moments partag\u00e9s entre les personnages sont particuli\u00e8rement poignantes, transportant le lecteur dans un voyage \u00e0 la fois physique et \u00e9motionnel. C&#8217;est un roman qui nous rappelle l&#8217;importance de profiter de chaque instant et de trouver la beaut\u00e9 m\u00eame \u00e0 l&#8217;heure la plus sombre.<\/p>\n\n\n\n<p>Leur voyage physique est en quelque sorte une m\u00e9taphore du voyage int\u00e9rieur d&#8217;\u00c9mile et Joanne.<\/p>\n\n\n\n<p>Gr\u00e2ce \u00e0 son p\u00e8re, Joseph, Joanne a un approvisionnement apparemment infini de citations qui sont dispers\u00e9es dans le livre et qui sont appropri\u00e9es et soigneusement choisies. Plusieurs sont tir\u00e9es de <em>The Alchemist,<\/em> un roman de l&#8217;auteur br\u00e9silien Paulo Coelho :<\/p>\n\n\n\n<p><em>\u00ab Si nous pleurons parce que le soleil n&#8217;est plus l\u00e0, nos larmes nous emp\u00eacheront de voir les \u00e9toiles. \u00bb<\/em><\/p>\n\n\n\n<p><em>\u00ab Puisqu&#8217;on ne peut changer la direction du vent, il faut apprendre \u00e0 orienter les voiles. \u00bb<\/em><\/p>\n\n\n\n<p>Tout le bleu du ciel couvre les th\u00e8mes de l&#8217;amour, des voyages, de l&#8217;approche de la mort, de la m\u00e9ditation, de la gentillesse, de l&#8217;\u00e9motion, de la nature, de la r\u00e9silience et de la d\u00e9couverte de soi-m\u00eame. Par-dessus tout, c&#8217;est un roman qui explore avec d\u00e9licatesse et profondeur les th\u00e8mes de la maladie, de la mort, de la vie et de l&#8217;espoir.<\/p>\n\n\n\n<p>Il \u00e9tait parfois difficile de se rappeler qu&#8217;il s&#8217;agissait de fiction. Lorsque le livre a emmen\u00e9 le lecteur dans ses voyages, j&#8217;\u00e9tais l\u00e0. Je souriais et pleurais avec Emile et Joanne et j&#8217;\u00e9tais immerg\u00e9 dans leur humanit\u00e9. L&#8217;auteure, M\u00e9lissa Da Costa, a 34 ans et avait 29 ans lorsqu&#8217;elle a \u00e9crit ce <em>Tout le bleu du ciel.<\/em> Ce livre a contribu\u00e9 \u00e0 faire de M\u00e9lissa d&#8217;\u00e0 Costa l&#8217;\u00e9crivain le plus lu en France en 2023 avec plus d&#8217;un million de ses livres vendus, un ph\u00e9nom\u00e8ne v\u00e9ritablement litt\u00e9raire.<\/p>\n","protected":false},"excerpt":{"rendered":"<p>Lorsque j&#8217;ai lu le texte de pr\u00e9sentation et r\u00e9alis\u00e9 le sujet, je me suis demand\u00e9 pourquoi je n&#8217;avais pas choisi de lire quelque chose de plus joyeux. Et peut-\u00eatre quelque chose d&#8217;un peu plus court car la version Livre de &hellip; <a href=\"http:\/\/lesliaisonsliteraires.co.uk\/?p=5134\">Continue reading <span class=\"meta-nav\">&rarr;<\/span><\/a><\/p>\n","protected":false},"author":1,"featured_media":0,"comment_status":"closed","ping_status":"closed","sticky":false,"template":"","format":"standard","meta":{"footnotes":""},"categories":[1],"tags":[],"class_list":["post-5134","post","type-post","status-publish","format-standard","hentry","category-uncategorised"],"_links":{"self":[{"href":"http:\/\/lesliaisonsliteraires.co.uk\/index.php?rest_route=\/wp\/v2\/posts\/5134","targetHints":{"allow":["GET"]}}],"collection":[{"href":"http:\/\/lesliaisonsliteraires.co.uk\/index.php?rest_route=\/wp\/v2\/posts"}],"about":[{"href":"http:\/\/lesliaisonsliteraires.co.uk\/index.php?rest_route=\/wp\/v2\/types\/post"}],"author":[{"embeddable":true,"href":"http:\/\/lesliaisonsliteraires.co.uk\/index.php?rest_route=\/wp\/v2\/users\/1"}],"replies":[{"embeddable":true,"href":"http:\/\/lesliaisonsliteraires.co.uk\/index.php?rest_route=%2Fwp%2Fv2%2Fcomments&post=5134"}],"version-history":[{"count":1,"href":"http:\/\/lesliaisonsliteraires.co.uk\/index.php?rest_route=\/wp\/v2\/posts\/5134\/revisions"}],"predecessor-version":[{"id":5136,"href":"http:\/\/lesliaisonsliteraires.co.uk\/index.php?rest_route=\/wp\/v2\/posts\/5134\/revisions\/5136"}],"wp:attachment":[{"href":"http:\/\/lesliaisonsliteraires.co.uk\/index.php?rest_route=%2Fwp%2Fv2%2Fmedia&parent=5134"}],"wp:term":[{"taxonomy":"category","embeddable":true,"href":"http:\/\/lesliaisonsliteraires.co.uk\/index.php?rest_route=%2Fwp%2Fv2%2Fcategories&post=5134"},{"taxonomy":"post_tag","embeddable":true,"href":"http:\/\/lesliaisonsliteraires.co.uk\/index.php?rest_route=%2Fwp%2Fv2%2Ftags&post=5134"}],"curies":[{"name":"wp","href":"https:\/\/api.w.org\/{rel}","templated":true}]}}